{"id":6604,"date":"2026-01-05T18:58:56","date_gmt":"2026-01-05T18:58:56","guid":{"rendered":"https:\/\/luzrrhh.com.ar\/?p=6604"},"modified":"2026-01-06T11:27:40","modified_gmt":"2026-01-06T11:27:40","slug":"vendedor-a-de-cursos-de-capacitacion-laboral","status":"publish","type":"post","link":"https:\/\/luzrrhh.com.ar\/en\/2026\/01\/05\/vendedor-a-de-cursos-de-capacitacion-laboral\/","title":{"rendered":"Vendedor\/a de cursos de Capacitaci\u00f3n Laboral"},"content":{"rendered":"<h2 class=\"wp-block-heading\">Para la empresa Eddis Educativa estamos buscando vendedores de cursos para sus sedes en La Plata- Quilmes- S\u00e1enz Pe\u00f1a-Resistencia-Corrientes-Tucum\u00e1n <\/h2>\n\n\n\n<h3 class=\"wp-block-heading\">\u00bfCu\u00e1l ser\u00e1 tu misi\u00f3n? <\/h3>\n\n\n\n<p><\/p>\n\n\n\n<p>El objetivo principal del rol es <strong>brindar asesoramiento y vender cursos educativos a potenciales alumnos,<\/strong> acompa\u00f1\u00e1ndolos en su decisi\u00f3n formativa, y como segunda prioridad, colaborar con tareas administrativas para asegurar el buen funcionamiento de la sede y una excelente atenci\u00f3n al cliente externo (potenciales alumnos) y cliente interno como ser: docentes y alumnos que ya forman parte de la instituci\u00f3n.&nbsp;<\/p>\n\n\n\n<h3 class=\"wp-block-heading\"><strong>\ud83d\udee0\ufe0f Principales tareas del rol<\/strong><\/h3>\n\n\n\n<ul class=\"wp-block-list\">\n<li>Atenci\u00f3n de consultas por redes sociales y WhatsApp<\/li>\n\n\n\n<li>Seguimiento y cierre de ventas<\/li>\n\n\n\n<li>Inscripci\u00f3n de alumnos<\/li>\n\n\n\n<li>Apertura y cierre del instituto y caja<\/li>\n\n\n\n<li>Cobranza y tareas administrativas b\u00e1sicas<\/li>\n\n\n\n<li>Atenci\u00f3n presencial a estudiantes<\/li>\n\n\n\n<li>Interacci\u00f3n con instructores, proveedores y equipos internos<\/li>\n<\/ul>\n\n\n\n<h3 class=\"wp-block-heading\"><\/h3>\n\n\n\n<h3 class=\"wp-block-heading\"><strong>\ud83c\udf93 Requisitos excluyentes<\/strong><\/h3>\n\n\n\n<ul class=\"wp-block-list\">\n<li>Residencia cercana a la oficia de referencia<\/li>\n\n\n\n<li>Experiencia en venta digital de intangibles <\/li>\n\n\n\n<li>Secundario completo y formaci\u00f3n en Marketing y\/o cursos de ventas<\/li>\n\n\n\n<li>Manejo de Paquete Office<\/li>\n\n\n\n<li>Experiencia en ventas intangibles por WhatsApp o redes sociales<\/li>\n<\/ul>\n\n\n\n<h3 class=\"wp-block-heading\"><strong>\ud83c\udfaf Valoramos<\/strong><\/h3>\n\n\n\n<ul class=\"wp-block-list\">\n<li>Formaci\u00f3n terciaria o cursos en ventas, marketing o \u00e1reas afines<\/li>\n\n\n\n<li>Comunicaci\u00f3n clara y persuasiva<\/li>\n\n\n\n<li>Proactividad, organizaci\u00f3n y trabajo en equipo<\/li>\n<\/ul>\n\n\n\n<p><strong>\ud83d\udcb0 Ofrecemos<\/strong><\/p>\n\n\n\n<ul class=\"wp-block-list\">\n<li>Premios y comisiones por desempe\u00f1o<\/li>\n\n\n\n<li>Ambiente de trabajo colaborativo y din\u00e1mico<\/li>\n<\/ul>","protected":false},"excerpt":{"rendered":"<p>Se busca Vendedor de Cursos de Capacitaci\u00f3n Laboral para sedes: La Plata, Quilmes, Tucum\u00e1n, Resistencia y S\u00e1enz Pe\u00f1a. Se requiere s\u00f3lida experiencia en venta digital de intangible y amplia disponibilidad horaria.<br \/>\n<svg width=\"19\" height=\"19\" viewbox=\"5.5 2 13 19\" fill=\"none\"\n     xmlns=\"http:\/\/www.w3.org\/2000\/svg\" aria-hidden=\"true\">\n  <path d=\"M12 21s-6.5-7.05-6.5-12A6.5 6.5 0 1 1 18.5 9c0 4.95-6.5 12-6.5 12z\"\n        stroke=\"#E6A1B9\" stroke-width=\"1.6\" stroke-linejoin=\"round\" fill=\"none\"\/>\n  <circle cx=\"12\" cy=\"9\" r=\"2.3\"\n          stroke=\"#E6A1B9\" stroke-width=\"1.6\" fill=\"none\"\/>\n<\/svg>  La Plata.<\/p>","protected":false},"author":5,"featured_media":6441,"comment_status":"closed","ping_status":"open","sticky":false,"template":"","format":"standard","meta":{"_et_pb_use_builder":"","_et_pb_old_content":"","_et_gb_content_width":"","footnotes":""},"categories":[22],"tags":[41,44,43,42,32],"class_list":["post-6604","post","type-post","status-publish","format-standard","has-post-thumbnail","hentry","category-ventas","tag-la-plata","tag-quilmes","tag-saenz-pena","tag-tucuman","tag-ventas"],"_links":{"self":[{"href":"https:\/\/luzrrhh.com.ar\/en\/wp-json\/wp\/v2\/posts\/6604","targetHints":{"allow":["GET"]}}],"collection":[{"href":"https:\/\/luzrrhh.com.ar\/en\/wp-json\/wp\/v2\/posts"}],"about":[{"href":"https:\/\/luzrrhh.com.ar\/en\/wp-json\/wp\/v2\/types\/post"}],"author":[{"embeddable":true,"href":"https:\/\/luzrrhh.com.ar\/en\/wp-json\/wp\/v2\/users\/5"}],"replies":[{"embeddable":true,"href":"https:\/\/luzrrhh.com.ar\/en\/wp-json\/wp\/v2\/comments?post=6604"}],"version-history":[{"count":6,"href":"https:\/\/luzrrhh.com.ar\/en\/wp-json\/wp\/v2\/posts\/6604\/revisions"}],"predecessor-version":[{"id":6611,"href":"https:\/\/luzrrhh.com.ar\/en\/wp-json\/wp\/v2\/posts\/6604\/revisions\/6611"}],"wp:featuredmedia":[{"embeddable":true,"href":"https:\/\/luzrrhh.com.ar\/en\/wp-json\/wp\/v2\/media\/6441"}],"wp:attachment":[{"href":"https:\/\/luzrrhh.com.ar\/en\/wp-json\/wp\/v2\/media?parent=6604"}],"wp:term":[{"taxonomy":"category","embeddable":true,"href":"https:\/\/luzrrhh.com.ar\/en\/wp-json\/wp\/v2\/categories?post=6604"},{"taxonomy":"post_tag","embeddable":true,"href":"https:\/\/luzrrhh.com.ar\/en\/wp-json\/wp\/v2\/tags?post=6604"}],"curies":[{"name":"wp","href":"https:\/\/api.w.org\/{rel}","templated":true}]}}